{"id":234,"date":"2026-04-22T18:09:22","date_gmt":"2026-04-22T16:09:22","guid":{"rendered":"https:\/\/www.iww.fi\/?p=234"},"modified":"2026-04-22T18:12:35","modified_gmt":"2026-04-22T16:12:35","slug":"iww-suomen-kuukausikirje-huhtikuu-2026-iww-finland-dispatch-april-2026","status":"publish","type":"post","link":"https:\/\/www.iww.fi\/fi\/2026\/04\/22\/iww-suomen-kuukausikirje-huhtikuu-2026-iww-finland-dispatch-april-2026\/","title":{"rendered":"IWW Suomen kuukausikirje, huhtikuu 2026 \u2013 IWW Finland dispatch, April 2026"},"content":{"rendered":"<figure class=\"wp-block-image size-large\"><img loading=\"lazy\" decoding=\"async\" width=\"1024\" height=\"1017\" src=\"https:\/\/www.iww.fi\/wp-content\/uploads\/2026\/04\/20260413_173928-1024x1017.jpg\" alt=\"\" class=\"wp-image-235\" srcset=\"https:\/\/www.iww.fi\/wp-content\/uploads\/2026\/04\/20260413_173928-1024x1017.jpg 1024w, https:\/\/www.iww.fi\/wp-content\/uploads\/2026\/04\/20260413_173928-300x298.jpg 300w, https:\/\/www.iww.fi\/wp-content\/uploads\/2026\/04\/20260413_173928-150x150.jpg 150w, https:\/\/www.iww.fi\/wp-content\/uploads\/2026\/04\/20260413_173928-768x762.jpg 768w, https:\/\/www.iww.fi\/wp-content\/uploads\/2026\/04\/20260413_173928-1536x1525.jpg 1536w, https:\/\/www.iww.fi\/wp-content\/uploads\/2026\/04\/20260413_173928-2048x2033.jpg 2048w, https:\/\/www.iww.fi\/wp-content\/uploads\/2026\/04\/20260413_173928-12x12.jpg 12w\" sizes=\"auto, (max-width: 1024px) 100vw, 1024px\" \/><\/figure>\n\n\n\n<h2 class=\"wp-block-heading\"><strong>Vappu tulee &#8211; onko ty\u00f6paikkasi valmis?<\/strong><\/h2>\n\n\n\n<p>T\u00e4n\u00e4 vappuna kannustamme kaikkia aloittamaan j\u00e4rjest\u00e4ytymisen omalla ty\u00f6paikallaan!<\/p>\n\n\n\n<p>Vappu on ty\u00f6v\u00e4en juhla. Se on ollut sit\u00e4 siit\u00e4 l\u00e4htien, kun Pariisissa vuonna 1889 kokoontunut toinen internationaali teki p\u00e4\u00e4t\u00f6ksen ty\u00f6v\u00e4en yleisen juhlan pit\u00e4miseksi toukokuun ensimm\u00e4isen\u00e4 p\u00e4iv\u00e4n\u00e4 Chicagon ty\u00f6l\u00e4isten muiston kunniaksi. Kolme vuotta aikaisemmin kahdeksan tunnin ty\u00f6p\u00e4iv\u00e4\u00e4 vaatineessa mielenosoituksessa Chicagossa oli r\u00e4j\u00e4ht\u00e4nyt pommi, mist\u00e4 seurasi poliisin silmit\u00f6n ammuskelu. Tapahtuma tunnetaan nimell\u00e4 Haymarketin veril\u00f6yly. Siit\u00e4 tulee t\u00e4n\u00e4 vappuna 140 vuotta.<\/p>\n\n\n\n<blockquote class=\"wp-block-quote is-layout-flow wp-block-quote-is-layout-flow\">\n<p>Ty\u00f6v\u00e4en juhlaa olisi hienoa viett\u00e4\u00e4 yhdess\u00e4 niiden kanssa, joiden kanssa ty\u00f6t\u00e4 teemme &#8211; kollegoittemme ja ty\u00f6tovereittemme kanssa.<\/p>\n<\/blockquote>\n\n\n\n<p>Ty\u00f6v\u00e4en juhlaa olisi hienoa viett\u00e4\u00e4 yhdess\u00e4 niiden kanssa, joiden kanssa ty\u00f6t\u00e4 teemme &#8211; kollegoittemme ja ty\u00f6tovereittemme kanssa. T\u00e4m\u00e4 ei kuitenkaan useinkaan ole tilanne, sill\u00e4 luokkatietoinen vapun juhlinta ei ole t\u00e4ll\u00e4 hetkell\u00e4 valtavirtaa suomalaisessa ty\u00f6paikkakulttuurissa. Sen sijaan vappu n\u00e4hd\u00e4\u00e4n kev\u00e4isen\u00e4 vapaap\u00e4iv\u00e4n\u00e4, hyv\u00e4n\u00e4 syyn\u00e4 istua auringossa ja siemailla skumppaa.<\/p>\n\n\n\n<p>Auringossa istumisessa skumppalasillisen \u00e4\u00e4rell\u00e4 ei tietenk\u00e4\u00e4n ole mit\u00e4\u00e4n pahaa, p\u00e4invastoin. Mutta silloin, kun sen my\u00f6t\u00e4 suljetaan silm\u00e4t palkkakuopilta, ty\u00f6ntekij\u00f6iden oikeuksien polkemiselta ja muilta ty\u00f6el\u00e4m\u00e4heikennyksilt\u00e4, skumppaan tulee kitker\u00e4 maku ja aurinko menee pilveen. Mutta kun ty\u00f6v\u00e4ki l\u00f6yt\u00e4\u00e4 toisensa ja alkaa vet\u00e4\u00e4 yht\u00e4 k\u00f6ytt\u00e4 yhteisen hyv\u00e4n edist\u00e4miseksi solidaarisuudesta toinen toistaan ja kaikkia maailman ty\u00f6l\u00e4isi\u00e4 kohtaan, on l\u00e4mmin vaikka vappuaurinko paistelisi niin paksun pilven takana, ett\u00e4 skumppa lasissa j\u00e4\u00e4tyisi!<\/p>\n\n\n\n<p>Mik\u00e4 tilanne on sinun ty\u00f6paikallasi &#8211; oletteko samassa veneess\u00e4, oletteko l\u00f6yt\u00e4neet toisenne, tavoitteletteko yhdess\u00e4 parempia ty\u00f6oloja?&nbsp;<\/p>\n\n\n\n<p>Liity IWW:hen ja l\u00e4hde rakentamaan ty\u00f6paikkakomiteaa omalle ty\u00f6paikallesi! Luodaan yhdess\u00e4 solidaarista unionismia, ty\u00f6paikka kerrallaan!<\/p>\n\n\n\n<h2 class=\"wp-block-heading\"><strong>May Day is coming\u2014is your workplace ready?<\/strong><\/h2>\n\n\n\n<p>This May Day, we encourage everyone to start organizing at their own workplace.<\/p>\n\n\n\n<p>May Day is a workers\u2019 holiday. It has been so ever since the Second International, meeting in Paris in 1889, decided to hold a general workers\u2019 celebration on the first day of May in memory of the Chicago workers. Three years earlier, a bomb had exploded during a demonstration in Chicago demanding an eight-hour workday, leading to indiscriminate police gunfire. The event is known as the Haymarket Massacre. This year is the 140th anniversary.<\/p>\n\n\n\n<blockquote class=\"wp-block-quote is-layout-flow wp-block-quote-is-layout-flow\">\n<p>The best way to celebrate would surely be if we could genuinely celebrate Workers\u2019 May Day with those we work alongside\u2014our colleagues and coworkers.<\/p>\n<\/blockquote>\n\n\n\n<p>Ever since then, May Day has been celebrated as a workers\u2019 holiday, and workers are supposed to celebrate together. The best way to celebrate would surely be if we could genuinely celebrate Workers\u2019 May Day with those we work alongside\u2014our colleagues and coworkers. However, this is not often the case, as class-conscious May Day celebrations are not currently mainstream in Finnish workplace culture. Instead, May Day is seen as a spring holiday, a good excuse to sit in the sun and sip sparkling wine.<\/p>\n\n\n\n<p>Of course, there\u2019s nothing wrong with sitting in the sun with a glass of sparkling wine\u2014quite the opposite. But when doing so means turning a blind eye to wage cuts, the trampling of workers\u2019 rights, and other deteriorations in working conditions, the sparkling wine takes on a bitter taste and the sun disappears behind the clouds.<\/p>\n\n\n\n<p>But when workers find each other and start acting in unison to promote the common good\u2014out of solidarity with one another and with all the world\u2019s workers\u2014it feels warm, even if the May Day sun is behind thick clouds that the cold freezes the champagne in your glass!<\/p>\n\n\n\n<p>What is the situation at your workplace\u2014are you all in the same boat, have you found each other, are you working together to achieve better working conditions?<\/p>\n\n\n\n<p>Join the IWW and start building a workplace committee at your own workplace! Together toward a union movement based on solidarity!<\/p>\n\n\n\n<p><\/p>","protected":false},"excerpt":{"rendered":"<p>Vappu tulee &#8211; onko ty\u00f6paikkasi valmis? T\u00e4n\u00e4 vappuna kannustamme kaikkia aloittamaan j\u00e4rjest\u00e4ytymisen omalla ty\u00f6paikallaan! Vappu on ty\u00f6v\u00e4en juhla. Se on ollut sit\u00e4 siit\u00e4 l\u00e4htien, kun Pariisissa vuonna 1889 kokoontunut toinen internationaali teki p\u00e4\u00e4t\u00f6ksen ty\u00f6v\u00e4en yleisen juhlan pit\u00e4miseksi toukokuun ensimm\u00e4isen\u00e4 p\u00e4iv\u00e4n\u00e4 Chicagon ty\u00f6l\u00e4isten muiston kunniaksi. Kolme vuotta aikaisemmin kahdeksan tunnin ty\u00f6p\u00e4iv\u00e4\u00e4 vaatineessa mielenosoituksessa Chicagossa oli r\u00e4j\u00e4ht\u00e4nyt [&hellip;]<\/p>","protected":false},"author":1,"featured_media":0,"comment_status":"open","ping_status":"open","sticky":false,"template":"","format":"standard","meta":{"footnotes":""},"categories":[5],"tags":[],"class_list":["post-234","post","type-post","status-publish","format-standard","hentry","category-news"],"yoast_head":"<!-- This site is optimized with the Yoast SEO plugin v25.4 - https:\/\/yoast.com\/wordpress\/plugins\/seo\/ -->\n<title>IWW Suomen kuukausikirje, huhtikuu 2026 \u2013 IWW Finland dispatch, April 2026 - Industrial Workers of the World - IWW Suomi<\/title>\n<meta name=\"robots\" content=\"index, follow, max-snippet:-1, max-image-preview:large, max-video-preview:-1\" \/>\n<link rel=\"canonical\" href=\"https:\/\/www.iww.fi\/fi\/2026\/04\/22\/iww-suomen-kuukausikirje-huhtikuu-2026-iww-finland-dispatch-april-2026\/\" \/>\n<meta property=\"og:locale\" content=\"fi_FI\" \/>\n<meta property=\"og:type\" content=\"article\" \/>\n<meta property=\"og:title\" content=\"IWW Suomen kuukausikirje, huhtikuu 2026 \u2013 IWW Finland dispatch, April 2026 - Industrial Workers of the World - IWW Suomi\" \/>\n<meta property=\"og:description\" content=\"Vappu tulee &#8211; onko ty\u00f6paikkasi valmis? T\u00e4n\u00e4 vappuna kannustamme kaikkia aloittamaan j\u00e4rjest\u00e4ytymisen omalla ty\u00f6paikallaan! Vappu on ty\u00f6v\u00e4en juhla. Se on ollut sit\u00e4 siit\u00e4 l\u00e4htien, kun Pariisissa vuonna 1889 kokoontunut toinen internationaali teki p\u00e4\u00e4t\u00f6ksen ty\u00f6v\u00e4en yleisen juhlan pit\u00e4miseksi toukokuun ensimm\u00e4isen\u00e4 p\u00e4iv\u00e4n\u00e4 Chicagon ty\u00f6l\u00e4isten muiston kunniaksi. Kolme vuotta aikaisemmin kahdeksan tunnin ty\u00f6p\u00e4iv\u00e4\u00e4 vaatineessa mielenosoituksessa Chicagossa oli r\u00e4j\u00e4ht\u00e4nyt [&hellip;]\" \/>\n<meta property=\"og:url\" content=\"https:\/\/www.iww.fi\/fi\/2026\/04\/22\/iww-suomen-kuukausikirje-huhtikuu-2026-iww-finland-dispatch-april-2026\/\" \/>\n<meta property=\"og:site_name\" content=\"Industrial Workers of the World - IWW Suomi\" \/>\n<meta property=\"article:published_time\" content=\"2026-04-22T16:09:22+00:00\" \/>\n<meta property=\"article:modified_time\" content=\"2026-04-22T16:12:35+00:00\" \/>\n<meta property=\"og:image\" content=\"https:\/\/www.iww.fi\/wp-content\/uploads\/2026\/04\/20260413_173928-scaled.jpg\" \/>\n\t<meta property=\"og:image:width\" content=\"2560\" \/>\n\t<meta property=\"og:image:height\" content=\"2542\" \/>\n\t<meta property=\"og:image:type\" content=\"image\/jpeg\" \/>\n<meta name=\"author\" content=\"wpadmin\" \/>\n<meta name=\"twitter:card\" content=\"summary_large_image\" \/>\n<meta name=\"twitter:label1\" content=\"Kirjoittanut\" \/>\n\t<meta name=\"twitter:data1\" content=\"wpadmin\" \/>\n\t<meta name=\"twitter:label2\" content=\"Arvioitu lukuaika\" \/>\n\t<meta name=\"twitter:data2\" content=\"3 minuuttia\" \/>\n<script type=\"application\/ld+json\" class=\"yoast-schema-graph\">{\"@context\":\"https:\/\/schema.org\",\"@graph\":[{\"@type\":\"Article\",\"@id\":\"https:\/\/www.iww.fi\/2026\/04\/22\/iww-suomen-kuukausikirje-huhtikuu-2026-iww-finland-dispatch-april-2026\/#article\",\"isPartOf\":{\"@id\":\"https:\/\/www.iww.fi\/2026\/04\/22\/iww-suomen-kuukausikirje-huhtikuu-2026-iww-finland-dispatch-april-2026\/\"},\"author\":{\"name\":\"wpadmin\",\"@id\":\"https:\/\/www.iww.fi\/fi\/#\/schema\/person\/295176d3489327e9aa6b00e00277a9c4\"},\"headline\":\"IWW Suomen kuukausikirje, huhtikuu 2026 \u2013 IWW Finland dispatch, April 2026\",\"datePublished\":\"2026-04-22T16:09:22+00:00\",\"dateModified\":\"2026-04-22T16:12:35+00:00\",\"mainEntityOfPage\":{\"@id\":\"https:\/\/www.iww.fi\/2026\/04\/22\/iww-suomen-kuukausikirje-huhtikuu-2026-iww-finland-dispatch-april-2026\/\"},\"wordCount\":673,\"commentCount\":0,\"publisher\":{\"@id\":\"https:\/\/www.iww.fi\/fi\/#organization\"},\"image\":{\"@id\":\"https:\/\/www.iww.fi\/2026\/04\/22\/iww-suomen-kuukausikirje-huhtikuu-2026-iww-finland-dispatch-april-2026\/#primaryimage\"},\"thumbnailUrl\":\"https:\/\/www.iww.fi\/wp-content\/uploads\/2026\/04\/20260413_173928-1024x1017.jpg\",\"articleSection\":[\"News\"],\"inLanguage\":\"fi\",\"potentialAction\":[{\"@type\":\"CommentAction\",\"name\":\"Comment\",\"target\":[\"https:\/\/www.iww.fi\/2026\/04\/22\/iww-suomen-kuukausikirje-huhtikuu-2026-iww-finland-dispatch-april-2026\/#respond\"]}]},{\"@type\":\"WebPage\",\"@id\":\"https:\/\/www.iww.fi\/2026\/04\/22\/iww-suomen-kuukausikirje-huhtikuu-2026-iww-finland-dispatch-april-2026\/\",\"url\":\"https:\/\/www.iww.fi\/2026\/04\/22\/iww-suomen-kuukausikirje-huhtikuu-2026-iww-finland-dispatch-april-2026\/\",\"name\":\"IWW Suomen kuukausikirje, huhtikuu 2026 \u2013 IWW Finland dispatch, April 2026 - Industrial Workers of the World - IWW Suomi\",\"isPartOf\":{\"@id\":\"https:\/\/www.iww.fi\/fi\/#website\"},\"primaryImageOfPage\":{\"@id\":\"https:\/\/www.iww.fi\/2026\/04\/22\/iww-suomen-kuukausikirje-huhtikuu-2026-iww-finland-dispatch-april-2026\/#primaryimage\"},\"image\":{\"@id\":\"https:\/\/www.iww.fi\/2026\/04\/22\/iww-suomen-kuukausikirje-huhtikuu-2026-iww-finland-dispatch-april-2026\/#primaryimage\"},\"thumbnailUrl\":\"https:\/\/www.iww.fi\/wp-content\/uploads\/2026\/04\/20260413_173928-1024x1017.jpg\",\"datePublished\":\"2026-04-22T16:09:22+00:00\",\"dateModified\":\"2026-04-22T16:12:35+00:00\",\"breadcrumb\":{\"@id\":\"https:\/\/www.iww.fi\/2026\/04\/22\/iww-suomen-kuukausikirje-huhtikuu-2026-iww-finland-dispatch-april-2026\/#breadcrumb\"},\"inLanguage\":\"fi\",\"potentialAction\":[{\"@type\":\"ReadAction\",\"target\":[\"https:\/\/www.iww.fi\/2026\/04\/22\/iww-suomen-kuukausikirje-huhtikuu-2026-iww-finland-dispatch-april-2026\/\"]}]},{\"@type\":\"ImageObject\",\"inLanguage\":\"fi\",\"@id\":\"https:\/\/www.iww.fi\/2026\/04\/22\/iww-suomen-kuukausikirje-huhtikuu-2026-iww-finland-dispatch-april-2026\/#primaryimage\",\"url\":\"https:\/\/www.iww.fi\/wp-content\/uploads\/2026\/04\/20260413_173928-1024x1017.jpg\",\"contentUrl\":\"https:\/\/www.iww.fi\/wp-content\/uploads\/2026\/04\/20260413_173928-1024x1017.jpg\"},{\"@type\":\"BreadcrumbList\",\"@id\":\"https:\/\/www.iww.fi\/2026\/04\/22\/iww-suomen-kuukausikirje-huhtikuu-2026-iww-finland-dispatch-april-2026\/#breadcrumb\",\"itemListElement\":[{\"@type\":\"ListItem\",\"position\":1,\"name\":\"Home\",\"item\":\"https:\/\/www.iww.fi\/fi\/\"},{\"@type\":\"ListItem\",\"position\":2,\"name\":\"IWW Suomen kuukausikirje, huhtikuu 2026 \u2013 IWW Finland dispatch, April 2026\"}]},{\"@type\":\"WebSite\",\"@id\":\"https:\/\/www.iww.fi\/fi\/#website\",\"url\":\"https:\/\/www.iww.fi\/fi\/\",\"name\":\"Union in Solidarity\",\"description\":\"Union in Solidarity\",\"publisher\":{\"@id\":\"https:\/\/www.iww.fi\/fi\/#organization\"},\"potentialAction\":[{\"@type\":\"SearchAction\",\"target\":{\"@type\":\"EntryPoint\",\"urlTemplate\":\"https:\/\/www.iww.fi\/fi\/?s={search_term_string}\"},\"query-input\":{\"@type\":\"PropertyValueSpecification\",\"valueRequired\":true,\"valueName\":\"search_term_string\"}}],\"inLanguage\":\"fi\"},{\"@type\":\"Organization\",\"@id\":\"https:\/\/www.iww.fi\/fi\/#organization\",\"name\":\"IWW Suomi\",\"url\":\"https:\/\/www.iww.fi\/fi\/\",\"logo\":{\"@type\":\"ImageObject\",\"inLanguage\":\"fi\",\"@id\":\"https:\/\/www.iww.fi\/fi\/#\/schema\/logo\/image\/\",\"url\":\"https:\/\/www.iww.fi\/wp-content\/uploads\/2025\/07\/silhouette-lynx-on-white-background-260nw-1027674424.jpg\",\"contentUrl\":\"https:\/\/www.iww.fi\/wp-content\/uploads\/2025\/07\/silhouette-lynx-on-white-background-260nw-1027674424.jpg\",\"width\":816,\"height\":948,\"caption\":\"IWW Suomi\"},\"image\":{\"@id\":\"https:\/\/www.iww.fi\/fi\/#\/schema\/logo\/image\/\"}},{\"@type\":\"Person\",\"@id\":\"https:\/\/www.iww.fi\/fi\/#\/schema\/person\/295176d3489327e9aa6b00e00277a9c4\",\"name\":\"wpadmin\",\"image\":{\"@type\":\"ImageObject\",\"inLanguage\":\"fi\",\"@id\":\"https:\/\/www.iww.fi\/fi\/#\/schema\/person\/image\/\",\"url\":\"https:\/\/secure.gravatar.com\/avatar\/7f6a9ac180eee079329146b47fea97b0421e57d711f41854593227df34cfe4a4?s=96&d=mm&r=g\",\"contentUrl\":\"https:\/\/secure.gravatar.com\/avatar\/7f6a9ac180eee079329146b47fea97b0421e57d711f41854593227df34cfe4a4?s=96&d=mm&r=g\",\"caption\":\"wpadmin\"},\"sameAs\":[\"http:\/\/www.iww.fi\"],\"url\":\"https:\/\/www.iww.fi\/fi\/author\/wpadmin\/\"}]}<\/script>\n<!-- \/ Yoast SEO plugin. -->","yoast_head_json":{"title":"IWW Suomen kuukausikirje, huhtikuu 2026 \u2013 IWW Finland dispatch, April 2026 - Industrial Workers of the World - IWW Suomi","robots":{"index":"index","follow":"follow","max-snippet":"max-snippet:-1","max-image-preview":"max-image-preview:large","max-video-preview":"max-video-preview:-1"},"canonical":"https:\/\/www.iww.fi\/fi\/2026\/04\/22\/iww-suomen-kuukausikirje-huhtikuu-2026-iww-finland-dispatch-april-2026\/","og_locale":"fi_FI","og_type":"article","og_title":"IWW Suomen kuukausikirje, huhtikuu 2026 \u2013 IWW Finland dispatch, April 2026 - Industrial Workers of the World - IWW Suomi","og_description":"Vappu tulee &#8211; onko ty\u00f6paikkasi valmis? T\u00e4n\u00e4 vappuna kannustamme kaikkia aloittamaan j\u00e4rjest\u00e4ytymisen omalla ty\u00f6paikallaan! Vappu on ty\u00f6v\u00e4en juhla. Se on ollut sit\u00e4 siit\u00e4 l\u00e4htien, kun Pariisissa vuonna 1889 kokoontunut toinen internationaali teki p\u00e4\u00e4t\u00f6ksen ty\u00f6v\u00e4en yleisen juhlan pit\u00e4miseksi toukokuun ensimm\u00e4isen\u00e4 p\u00e4iv\u00e4n\u00e4 Chicagon ty\u00f6l\u00e4isten muiston kunniaksi. Kolme vuotta aikaisemmin kahdeksan tunnin ty\u00f6p\u00e4iv\u00e4\u00e4 vaatineessa mielenosoituksessa Chicagossa oli r\u00e4j\u00e4ht\u00e4nyt [&hellip;]","og_url":"https:\/\/www.iww.fi\/fi\/2026\/04\/22\/iww-suomen-kuukausikirje-huhtikuu-2026-iww-finland-dispatch-april-2026\/","og_site_name":"Industrial Workers of the World - IWW Suomi","article_published_time":"2026-04-22T16:09:22+00:00","article_modified_time":"2026-04-22T16:12:35+00:00","og_image":[{"width":2560,"height":2542,"url":"https:\/\/www.iww.fi\/wp-content\/uploads\/2026\/04\/20260413_173928-scaled.jpg","type":"image\/jpeg"}],"author":"wpadmin","twitter_card":"summary_large_image","twitter_misc":{"Kirjoittanut":"wpadmin","Arvioitu lukuaika":"3 minuuttia"},"schema":{"@context":"https:\/\/schema.org","@graph":[{"@type":"Article","@id":"https:\/\/www.iww.fi\/2026\/04\/22\/iww-suomen-kuukausikirje-huhtikuu-2026-iww-finland-dispatch-april-2026\/#article","isPartOf":{"@id":"https:\/\/www.iww.fi\/2026\/04\/22\/iww-suomen-kuukausikirje-huhtikuu-2026-iww-finland-dispatch-april-2026\/"},"author":{"name":"wpadmin","@id":"https:\/\/www.iww.fi\/fi\/#\/schema\/person\/295176d3489327e9aa6b00e00277a9c4"},"headline":"IWW Suomen kuukausikirje, huhtikuu 2026 \u2013 IWW Finland dispatch, April 2026","datePublished":"2026-04-22T16:09:22+00:00","dateModified":"2026-04-22T16:12:35+00:00","mainEntityOfPage":{"@id":"https:\/\/www.iww.fi\/2026\/04\/22\/iww-suomen-kuukausikirje-huhtikuu-2026-iww-finland-dispatch-april-2026\/"},"wordCount":673,"commentCount":0,"publisher":{"@id":"https:\/\/www.iww.fi\/fi\/#organization"},"image":{"@id":"https:\/\/www.iww.fi\/2026\/04\/22\/iww-suomen-kuukausikirje-huhtikuu-2026-iww-finland-dispatch-april-2026\/#primaryimage"},"thumbnailUrl":"https:\/\/www.iww.fi\/wp-content\/uploads\/2026\/04\/20260413_173928-1024x1017.jpg","articleSection":["News"],"inLanguage":"fi","potentialAction":[{"@type":"CommentAction","name":"Comment","target":["https:\/\/www.iww.fi\/2026\/04\/22\/iww-suomen-kuukausikirje-huhtikuu-2026-iww-finland-dispatch-april-2026\/#respond"]}]},{"@type":"WebPage","@id":"https:\/\/www.iww.fi\/2026\/04\/22\/iww-suomen-kuukausikirje-huhtikuu-2026-iww-finland-dispatch-april-2026\/","url":"https:\/\/www.iww.fi\/2026\/04\/22\/iww-suomen-kuukausikirje-huhtikuu-2026-iww-finland-dispatch-april-2026\/","name":"IWW Suomen kuukausikirje, huhtikuu 2026 \u2013 IWW Finland dispatch, April 2026 - Industrial Workers of the World - IWW Suomi","isPartOf":{"@id":"https:\/\/www.iww.fi\/fi\/#website"},"primaryImageOfPage":{"@id":"https:\/\/www.iww.fi\/2026\/04\/22\/iww-suomen-kuukausikirje-huhtikuu-2026-iww-finland-dispatch-april-2026\/#primaryimage"},"image":{"@id":"https:\/\/www.iww.fi\/2026\/04\/22\/iww-suomen-kuukausikirje-huhtikuu-2026-iww-finland-dispatch-april-2026\/#primaryimage"},"thumbnailUrl":"https:\/\/www.iww.fi\/wp-content\/uploads\/2026\/04\/20260413_173928-1024x1017.jpg","datePublished":"2026-04-22T16:09:22+00:00","dateModified":"2026-04-22T16:12:35+00:00","breadcrumb":{"@id":"https:\/\/www.iww.fi\/2026\/04\/22\/iww-suomen-kuukausikirje-huhtikuu-2026-iww-finland-dispatch-april-2026\/#breadcrumb"},"inLanguage":"fi","potentialAction":[{"@type":"ReadAction","target":["https:\/\/www.iww.fi\/2026\/04\/22\/iww-suomen-kuukausikirje-huhtikuu-2026-iww-finland-dispatch-april-2026\/"]}]},{"@type":"ImageObject","inLanguage":"fi","@id":"https:\/\/www.iww.fi\/2026\/04\/22\/iww-suomen-kuukausikirje-huhtikuu-2026-iww-finland-dispatch-april-2026\/#primaryimage","url":"https:\/\/www.iww.fi\/wp-content\/uploads\/2026\/04\/20260413_173928-1024x1017.jpg","contentUrl":"https:\/\/www.iww.fi\/wp-content\/uploads\/2026\/04\/20260413_173928-1024x1017.jpg"},{"@type":"BreadcrumbList","@id":"https:\/\/www.iww.fi\/2026\/04\/22\/iww-suomen-kuukausikirje-huhtikuu-2026-iww-finland-dispatch-april-2026\/#breadcrumb","itemListElement":[{"@type":"ListItem","position":1,"name":"Home","item":"https:\/\/www.iww.fi\/fi\/"},{"@type":"ListItem","position":2,"name":"IWW Suomen kuukausikirje, huhtikuu 2026 \u2013 IWW Finland dispatch, April 2026"}]},{"@type":"WebSite","@id":"https:\/\/www.iww.fi\/fi\/#website","url":"https:\/\/www.iww.fi\/fi\/","name":"Union in Solidarity","description":"Union in Solidarity","publisher":{"@id":"https:\/\/www.iww.fi\/fi\/#organization"},"potentialAction":[{"@type":"SearchAction","target":{"@type":"EntryPoint","urlTemplate":"https:\/\/www.iww.fi\/fi\/?s={search_term_string}"},"query-input":{"@type":"PropertyValueSpecification","valueRequired":true,"valueName":"search_term_string"}}],"inLanguage":"fi"},{"@type":"Organization","@id":"https:\/\/www.iww.fi\/fi\/#organization","name":"IWW Suomi","url":"https:\/\/www.iww.fi\/fi\/","logo":{"@type":"ImageObject","inLanguage":"fi","@id":"https:\/\/www.iww.fi\/fi\/#\/schema\/logo\/image\/","url":"https:\/\/www.iww.fi\/wp-content\/uploads\/2025\/07\/silhouette-lynx-on-white-background-260nw-1027674424.jpg","contentUrl":"https:\/\/www.iww.fi\/wp-content\/uploads\/2025\/07\/silhouette-lynx-on-white-background-260nw-1027674424.jpg","width":816,"height":948,"caption":"IWW Suomi"},"image":{"@id":"https:\/\/www.iww.fi\/fi\/#\/schema\/logo\/image\/"}},{"@type":"Person","@id":"https:\/\/www.iww.fi\/fi\/#\/schema\/person\/295176d3489327e9aa6b00e00277a9c4","name":"wpadmin","image":{"@type":"ImageObject","inLanguage":"fi","@id":"https:\/\/www.iww.fi\/fi\/#\/schema\/person\/image\/","url":"https:\/\/secure.gravatar.com\/avatar\/7f6a9ac180eee079329146b47fea97b0421e57d711f41854593227df34cfe4a4?s=96&d=mm&r=g","contentUrl":"https:\/\/secure.gravatar.com\/avatar\/7f6a9ac180eee079329146b47fea97b0421e57d711f41854593227df34cfe4a4?s=96&d=mm&r=g","caption":"wpadmin"},"sameAs":["http:\/\/www.iww.fi"],"url":"https:\/\/www.iww.fi\/fi\/author\/wpadmin\/"}]}},"_links":{"self":[{"href":"https:\/\/www.iww.fi\/fi\/wp-json\/wp\/v2\/posts\/234","targetHints":{"allow":["GET"]}}],"collection":[{"href":"https:\/\/www.iww.fi\/fi\/wp-json\/wp\/v2\/posts"}],"about":[{"href":"https:\/\/www.iww.fi\/fi\/wp-json\/wp\/v2\/types\/post"}],"author":[{"embeddable":true,"href":"https:\/\/www.iww.fi\/fi\/wp-json\/wp\/v2\/users\/1"}],"replies":[{"embeddable":true,"href":"https:\/\/www.iww.fi\/fi\/wp-json\/wp\/v2\/comments?post=234"}],"version-history":[{"count":3,"href":"https:\/\/www.iww.fi\/fi\/wp-json\/wp\/v2\/posts\/234\/revisions"}],"predecessor-version":[{"id":238,"href":"https:\/\/www.iww.fi\/fi\/wp-json\/wp\/v2\/posts\/234\/revisions\/238"}],"wp:attachment":[{"href":"https:\/\/www.iww.fi\/fi\/wp-json\/wp\/v2\/media?parent=234"}],"wp:term":[{"taxonomy":"category","embeddable":true,"href":"https:\/\/www.iww.fi\/fi\/wp-json\/wp\/v2\/categories?post=234"},{"taxonomy":"post_tag","embeddable":true,"href":"https:\/\/www.iww.fi\/fi\/wp-json\/wp\/v2\/tags?post=234"}],"curies":[{"name":"wp","href":"https:\/\/api.w.org\/{rel}","templated":true}]}}